{"id":1244,"date":"2026-09-01T09:54:39","date_gmt":"2026-09-01T07:54:39","guid":{"rendered":"https:\/\/lafrenchmousse.fr\/actualite\/?p=1244"},"modified":"2026-08-17T10:16:12","modified_gmt":"2026-08-17T08:16:12","slug":"rentree-2026-pourquoi-passer-a-la-biere-artisanale-personnalisee","status":"publish","type":"post","link":"https:\/\/lafrenchmousse.fr\/actualite\/rentree-2026-pourquoi-passer-a-la-biere-artisanale-personnalisee\/","title":{"rendered":"Rentr\u00e9e 2026 : pourquoi passer \u00e0 la bi\u00e8re artisanale personnalis\u00e9e"},"content":{"rendered":"\n<figure class=\"wp-block-image size-full\"><img fetchpriority=\"high\" decoding=\"async\" width=\"750\" height=\"500\" src=\"https:\/\/lafrenchmousse.fr\/actualite\/wp-content\/uploads\/2026\/08\/MINIATURES-ARTICLES-37.png\" alt=\"Rentr\u00e9e d'entreprise\n\" class=\"wp-image-1248\" srcset=\"https:\/\/lafrenchmousse.fr\/actualite\/wp-content\/uploads\/2026\/08\/MINIATURES-ARTICLES-37.png 750w, https:\/\/lafrenchmousse.fr\/actualite\/wp-content\/uploads\/2026\/08\/MINIATURES-ARTICLES-37-300x200.png 300w\" sizes=\"(max-width: 750px) 100vw, 750px\" \/><\/figure>\n\n\n\n<p class=\"wp-block-paragraph\">La rentr\u00e9e n\u2019est pas qu\u2019une histoire d\u2019agendas neufs et de bonnes r\u00e9solutions vite oubli\u00e9es. C\u2019est aussi le moment o\u00f9 l\u2019on prend le temps de revoir ses habitudes, y compris les plus quotidiennes. On range l\u2019\u00e9t\u00e9, on repart sur de nouvelles bases, on a envie de mieux faire les choses. Et si cela commen\u00e7ait par ce que l\u2019on met dans son verre ? En cette <strong>rentr\u00e9e 2026<\/strong>, troquer la bi\u00e8re industrielle contre une <strong>bi\u00e8re artisanale personnalis\u00e9e<a href=\"https:\/\/lafrenchmousse.fr\/fr\/\"> La French Mousse<\/a><\/strong> a tout d\u2019un petit changement qui en dit long. Voici pourquoi c\u2019est le bon moment de franchir le pas.<\/p>\n\n\n\n<h2 class=\"wp-block-heading\" style=\"font-size:clamp(18.959px, 1.185rem + ((1vw - 3.2px) * 0.863), 30px);\">Parce que la rentr\u00e9e est faite pour changer ses habitudes<\/h2>\n\n\n\n<p class=\"wp-block-paragraph\">Chaque ann\u00e9e, septembre agit comme un second 1er janvier. On reprend le sport, on cuisine davantage, on cherche \u00e0 consommer de fa\u00e7on plus consciente. Ce r\u00e9flexe de renouveau s\u2019applique aussi \u00e0 nos plaisirs : pourquoi continuer \u00e0 acheter par automatisme une <strong>bi\u00e8re <\/strong>sans \u00e2me quand l\u2019alternative existe ? Passer \u00e0 <strong>l\u2019artisanal<\/strong>, c\u2019est remplacer un geste machinal par un choix assum\u00e9, celui de la <strong>qualit\u00e9<\/strong> et du <strong>go\u00fbt<\/strong>. Et comme les habitudes prises en septembre sont souvent celles qui s\u2019installent pour de bon, c\u2019est le meilleur moment pour s\u2019y tenir.<\/p>\n\n\n\n<h2 class=\"wp-block-heading\" style=\"font-size:clamp(18.959px, 1.185rem + ((1vw - 3.2px) * 0.863), 30px);\">Parce que le go\u00fbt n\u2019a plus rien \u00e0 voir<\/h2>\n\n\n\n<div class=\"wp-block-media-text is-stacked-on-mobile is-image-fill-element\"><figure class=\"wp-block-media-text__media\"><img decoding=\"async\" width=\"683\" height=\"1024\" src=\"https:\/\/lafrenchmousse.fr\/actualite\/wp-content\/uploads\/2026\/08\/DSC_6619-683x1024.jpg\" alt=\"Bi\u00e8re artisanale\" class=\"wp-image-1249 size-full\" style=\"object-position:50% 50%\" srcset=\"https:\/\/lafrenchmousse.fr\/actualite\/wp-content\/uploads\/2026\/08\/DSC_6619-683x1024.jpg 683w, https:\/\/lafrenchmousse.fr\/actualite\/wp-content\/uploads\/2026\/08\/DSC_6619-200x300.jpg 200w, https:\/\/lafrenchmousse.fr\/actualite\/wp-content\/uploads\/2026\/08\/DSC_6619-768x1152.jpg 768w, https:\/\/lafrenchmousse.fr\/actualite\/wp-content\/uploads\/2026\/08\/DSC_6619-1024x1536.jpg 1024w, https:\/\/lafrenchmousse.fr\/actualite\/wp-content\/uploads\/2026\/08\/DSC_6619-1365x2048.jpg 1365w, https:\/\/lafrenchmousse.fr\/actualite\/wp-content\/uploads\/2026\/08\/DSC_6619-scaled.jpg 1707w\" sizes=\"(max-width: 683px) 100vw, 683px\" \/><\/figure><div class=\"wp-block-media-text__content\">\n<p class=\"wp-block-paragraph\">Il suffit d\u2019une gorg\u00e9e pour comprendre. Une <strong>bi\u00e8re artisanale<\/strong> se distingue imm\u00e9diatement par la richesse de ses ar\u00f4mes et le soin apport\u00e9 \u00e0 son brassage. L\u00e0 o\u00f9 l\u2019industrie standardise, l\u2019artisan cherche le caract\u00e8re. Chez <strong>La French Mousse<\/strong>, quatre typologies illustrent cette diversit\u00e9 : la Blonde (4,8 %) accessible et \u00e9quilibr\u00e9e, la Blanche (5,2 %) fra\u00eeche et citronn\u00e9e, l\u2019IPA (6,5 %) franche et houblonn\u00e9e, et la NEIPA, ronde et fruit\u00e9e. Autant de profils qui transforment une simple bi\u00e8re en v\u00e9ritable d\u00e9gustation.<\/p>\n<\/div><\/div>\n\n\n\n<p class=\"wp-block-paragraph\">Cette diff\u00e9rence tient \u00e0 des choix simples mais exigeants : des ingr\u00e9dients s\u00e9lectionn\u00e9s, un brassage en quantit\u00e9s ma\u00eetris\u00e9es, aucune concession au rendement au d\u00e9triment du go\u00fbt. Le r\u00e9sultat se ressent dans le verre, avec des bi\u00e8res plus vivantes et plus franches, qui ont chacune leur identit\u00e9. Une fois qu\u2019on y a go\u00fbt\u00e9, revenir en arri\u00e8re devient difficile.<\/p>\n\n\n\n<h2 class=\"wp-block-heading\" style=\"font-size:clamp(18.959px, 1.185rem + ((1vw - 3.2px) * 0.863), 30px);\">Parce qu\u2019une bi\u00e8re \u00e0 votre image change tout<\/h2>\n\n\n\n<p class=\"wp-block-paragraph\">C\u2019est l\u00e0 que la <strong><a href=\"https:\/\/lafrenchmousse.fr\/fr\/27-bieres-personnalisees-pour-professionnels\">personnalisation <\/a><\/strong>entre en jeu. Sur chaque bouteille de 33 cl, l\u2019\u00e9tiquette devient un espace d\u2019expression : un pr\u00e9nom, une photo, un message, un clin d\u2019\u0153il. La <strong>bi\u00e8re sur-mesure<\/strong> ne se contente pas d\u2019\u00eatre bonne, elle raconte quelque chose. Pour un anniversaire, une cr\u00e9maill\u00e8re de rentr\u00e9e, un cadeau ou simplement pour le plaisir de recevoir avec style, elle apporte une touche qu\u2019aucune bouteille du commerce ne pourra offrir.<\/p>\n\n\n\n<p class=\"wp-block-paragraph\">L\u2019id\u00e9e s\u00e9duit d\u2019autant plus qu\u2019elle s\u2019adapte \u00e0 toutes les envies. Vous pr\u00e9parez une soir\u00e9e de rentr\u00e9e ? Des bouteilles au nom de vos invit\u00e9s feront leur petit effet. Vous cherchez un cadeau qui sort de l\u2019ordinaire ? Une \u00e9tiquette pens\u00e9e pour la personne touchera \u00e0 coup s\u00fbr. La <strong>personnalisation <\/strong>avec <strong>La French Mousse<\/strong> ne complique rien : elle ajoute simplement du sens \u00e0 un plaisir d\u00e9j\u00e0 fait pour \u00eatre partag\u00e9.<\/p>\n\n\n\n<h2 class=\"wp-block-heading\" style=\"font-size:clamp(18.959px, 1.185rem + ((1vw - 3.2px) * 0.863), 30px);\">Parce qu\u2019une bonne bi\u00e8re rassemble<\/h2>\n\n\n\n<p class=\"wp-block-paragraph\">La rentr\u00e9e, c\u2019est aussi le retour des retrouvailles : ap\u00e9ros entre coll\u00e8gues, d\u00eeners entre amis, f\u00eates de quartier. Une <strong>bi\u00e8re artisanale personnalis\u00e9e <\/strong>y trouve toute sa place. Elle intrigue, lance la conversation et devient vite le petit d\u00e9tail dont on se souvient. Parce qu\u2019au fond, ce que l\u2019on partage compte autant que ce que l\u2019on boit.<\/p>\n\n\n\n<h3 class=\"wp-block-heading\" style=\"font-size:clamp(14px, 0.875rem + ((1vw - 3.2px) * 0.469), 20px);\">Parce que l\u2019automne s\u2019annonce riche en occasions<\/h3>\n\n\n\n<p class=\"wp-block-paragraph\">Pass\u00e9 septembre, les rendez-vous ne manquent pas : anniversaires, soir\u00e9es entre amis, premiers d\u00eeners au chaud, sans parler des f\u00eates de fin d\u2019ann\u00e9e qui se pr\u00e9parent d\u00e9j\u00e0. Adopter d\u00e8s la rentr\u00e9e le r\u00e9flexe de la <strong>bi\u00e8re personnalis\u00e9e,<\/strong> c\u2019est prendre une longueur d\u2019avance sur tous ces moments. Vous saurez d\u00e9j\u00e0 vers quoi vous tourner quand l\u2019envie de marquer le coup se pr\u00e9sentera, sans vous y prendre \u00e0 la derni\u00e8re minute.<\/p>\n\n\n\n<h3 class=\"wp-block-heading\" style=\"font-size:clamp(14px, 0.875rem + ((1vw - 3.2px) * 0.469), 20px);\">Parce que c\u2019est plus simple que vous ne le pensez<\/h3>\n\n\n\n<div class=\"wp-block-media-text has-media-on-the-right is-stacked-on-mobile is-image-fill-element\"><div class=\"wp-block-media-text__content\">\n<p class=\"wp-block-paragraph\">On imagine parfois la <strong>personnalisation <\/strong>est compliqu\u00e9e ou r\u00e9serv\u00e9e aux grandes occasions. C\u2019est tout l\u2019inverse. Sur<strong><a href=\"https:\/\/lafrenchmousse.fr\/fr\/\"> lafrenchmousse.fr<\/a><\/strong>, le configurateur 3D vous permet de cr\u00e9er votre \u00e9tiquette et de la visualiser en temps r\u00e9el sur la bouteille de bi\u00e8re. Vous choisissez vos bi\u00e8res, vous ajoutez votre visuel, et vous validez. La livraison intervient sous 7 \u00e0 10 jours, les tarifs d\u00e9gressifs r\u00e9compensent les commandes group\u00e9es, et le coffret \u00e9chantillon vous laisse go\u00fbter avant de vous d\u00e9cider. Se faire plaisir n\u2019a jamais demand\u00e9 aussi peu d\u2019efforts.<\/p>\n<\/div><figure class=\"wp-block-media-text__media\"><img decoding=\"async\" width=\"1024\" height=\"741\" src=\"https:\/\/lafrenchmousse.fr\/actualite\/wp-content\/uploads\/2026\/08\/1C4C280D-D9EF-4FD1-8C08-6C691C24F6CF-1024x741.png\" alt=\"Configurateur 3D \" class=\"wp-image-1250 size-full\" style=\"object-position:100% 63%\" srcset=\"https:\/\/lafrenchmousse.fr\/actualite\/wp-content\/uploads\/2026\/08\/1C4C280D-D9EF-4FD1-8C08-6C691C24F6CF-1024x741.png 1024w, https:\/\/lafrenchmousse.fr\/actualite\/wp-content\/uploads\/2026\/08\/1C4C280D-D9EF-4FD1-8C08-6C691C24F6CF-300x217.png 300w, https:\/\/lafrenchmousse.fr\/actualite\/wp-content\/uploads\/2026\/08\/1C4C280D-D9EF-4FD1-8C08-6C691C24F6CF-768x556.png 768w, https:\/\/lafrenchmousse.fr\/actualite\/wp-content\/uploads\/2026\/08\/1C4C280D-D9EF-4FD1-8C08-6C691C24F6CF.png 1364w\" sizes=\"(max-width: 1024px) 100vw, 1024px\" \/><\/figure><\/div>\n\n\n\n<h2 class=\"wp-block-heading\">Une rentr\u00e9e qui a du go\u00fbt<\/h2>\n\n\n\n<div class=\"wp-block-media-text is-stacked-on-mobile is-image-fill-element\"><figure class=\"wp-block-media-text__media\"><img loading=\"lazy\" decoding=\"async\" width=\"768\" height=\"1024\" src=\"https:\/\/lafrenchmousse.fr\/actualite\/wp-content\/uploads\/2026\/08\/IMG_2177-768x1024.jpg\" alt=\"Bi\u00e8re personnalis\u00e9e pour une entreprise \" class=\"wp-image-1251 size-full\" style=\"object-position:63% 40%\" srcset=\"https:\/\/lafrenchmousse.fr\/actualite\/wp-content\/uploads\/2026\/08\/IMG_2177-768x1024.jpg 768w, https:\/\/lafrenchmousse.fr\/actualite\/wp-content\/uploads\/2026\/08\/IMG_2177-225x300.jpg 225w, https:\/\/lafrenchmousse.fr\/actualite\/wp-content\/uploads\/2026\/08\/IMG_2177-1152x1536.jpg 1152w, https:\/\/lafrenchmousse.fr\/actualite\/wp-content\/uploads\/2026\/08\/IMG_2177.jpg 1536w\" sizes=\"(max-width: 768px) 100vw, 768px\" \/><\/figure><div class=\"wp-block-media-text__content\">\n<p class=\"wp-block-paragraph\">La rentr\u00e9e 2026 sera ce que vous en ferez : une simple reprise, ou l\u2019occasion de changer, m\u00eame \u00e0 petite \u00e9chelle, ce qui vous fait plaisir. Passer \u00e0 la bi\u00e8re artisanale personnalis\u00e9e, c\u2019est r\u00e9unir qualit\u00e9, sens et convivialit\u00e9 dans un m\u00eame geste. Un changement modeste en apparence, mais qui donne le ton d\u2019une ann\u00e9e plac\u00e9e sous le signe du mieux plut\u00f4t que du plus.<\/p>\n<\/div><\/div>\n\n\n\n<p class=\"wp-block-paragraph\">Rien ne vous oblige d\u2019ailleurs \u00e0 tout bouleverser d\u2019un coup. Commencez par une commande, une occasion, une \u00e9tiquette qui vous ressemble, et laissez le r\u00e9sultat parler. C\u2019est souvent en go\u00fbtant que l\u2019on se convainc, et cette rentr\u00e9e offre le pr\u00e9texte id\u00e9al pour tenter l\u2019exp\u00e9rience.<\/p>\n\n\n\n<p class=\"wp-block-paragraph\"><em>L\u2019abus d\u2019alcool est dangereux pour la sant\u00e9, \u00e0 consommer avec mod\u00e9ration.<\/em><\/p>\n\n\n\n<p class=\"wp-block-paragraph\"><strong>Composez votre bi\u00e8re artisanale personnalis\u00e9e d\u00e8s cette rentr\u00e9e sur <\/strong><a href=\"https:\/\/lafrenchmousse.fr\/fr\/\">lafrenchmousse.fr<\/a><strong> et donnez \u00e0 vos moments un suppl\u00e9ment d\u2019\u00e2me.<\/strong><\/p>\n","protected":false},"excerpt":{"rendered":"<p>La rentr\u00e9e n\u2019est pas qu\u2019une histoire d\u2019agendas neufs et de bonnes r\u00e9solutions vite oubli\u00e9es. C\u2019est aussi le moment o\u00f9 l\u2019on prend le temps de revoir ses habitudes, y compris les plus quotidiennes. On range l\u2019\u00e9t\u00e9, on repart sur de nouvelles bases, on a envie de mieux faire les choses. Et si cela commen\u00e7ait par ce [&hellip;]<\/p>\n","protected":false},"author":11,"featured_media":1248,"comment_status":"open","ping_status":"open","sticky":false,"template":"","format":"standard","meta":{"footnotes":""},"categories":[1,12],"tags":[],"class_list":["post-1244","post","type-post","status-publish","format-standard","has-post-thumbnail","hentry","category-divers","category-professionnel"],"blocksy_meta":[],"yoast_head":"<!-- This site is optimized with the Yoast SEO plugin v28.4 - https:\/\/yoast.com\/product\/yoast-seo-wordpress\/ -->\n<title>Rentr\u00e9e 2026 : pourquoi passer \u00e0 la bi\u00e8re artisanale personnalis\u00e9e - La French Mousse Blog Rentr\u00e9e 2026 : passez \u00e0 la bi\u00e8re personnalis\u00e9e<\/title>\n<meta name=\"description\" content=\"Et si la rentr\u00e9e 2026 \u00e9tait l\u2019occasion de consommer mieux ? D\u00e9couvrez pourquoi adopter la bi\u00e8re artisanale personnalis\u00e9e, locale, savoureuse et sur-mesure.\" \/>\n<meta name=\"robots\" content=\"index, follow, max-snippet:-1, max-image-preview:large, max-video-preview:-1\" \/>\n<link rel=\"canonical\" href=\"https:\/\/lafrenchmousse.fr\/actualite\/rentree-2026-pourquoi-passer-a-la-biere-artisanale-personnalisee\/\" \/>\n<meta property=\"og:locale\" content=\"fr_FR\" \/>\n<meta property=\"og:type\" content=\"article\" \/>\n<meta property=\"og:title\" content=\"Rentr\u00e9e 2026 : pourquoi passer \u00e0 la bi\u00e8re artisanale personnalis\u00e9e - La French Mousse Blog Rentr\u00e9e 2026 : passez \u00e0 la bi\u00e8re personnalis\u00e9e\" \/>\n<meta property=\"og:description\" content=\"Et si la rentr\u00e9e 2026 \u00e9tait l\u2019occasion de consommer mieux ? D\u00e9couvrez pourquoi adopter la bi\u00e8re artisanale personnalis\u00e9e, locale, savoureuse et sur-mesure.\" \/>\n<meta property=\"og:url\" content=\"https:\/\/lafrenchmousse.fr\/actualite\/rentree-2026-pourquoi-passer-a-la-biere-artisanale-personnalisee\/\" \/>\n<meta property=\"og:site_name\" content=\"La French Mousse Blog\" \/>\n<meta property=\"article:published_time\" content=\"2026-09-01T07:54:39+00:00\" \/>\n<meta property=\"og:image\" content=\"https:\/\/lafrenchmousse.fr\/actualite\/wp-content\/uploads\/2026\/08\/MINIATURES-ARTICLES-37.png\" \/>\n\t<meta property=\"og:image:width\" content=\"750\" \/>\n\t<meta property=\"og:image:height\" content=\"500\" \/>\n\t<meta property=\"og:image:type\" content=\"image\/png\" \/>\n<meta name=\"author\" content=\"Victoria\" \/>\n<meta name=\"twitter:card\" content=\"summary_large_image\" \/>\n<meta name=\"twitter:label1\" content=\"\u00c9crit par\" \/>\n\t<meta name=\"twitter:data1\" content=\"Victoria\" \/>\n\t<meta name=\"twitter:label2\" content=\"Dur\u00e9e de lecture estim\u00e9e\" \/>\n\t<meta name=\"twitter:data2\" content=\"6 minutes\" \/>\n<script type=\"application\/ld+json\" class=\"yoast-schema-graph\">{\"@context\":\"https:\\\/\\\/schema.org\",\"@graph\":[{\"@type\":\"Article\",\"@id\":\"https:\\\/\\\/lafrenchmousse.fr\\\/actualite\\\/rentree-2026-pourquoi-passer-a-la-biere-artisanale-personnalisee\\\/#article\",\"isPartOf\":{\"@id\":\"https:\\\/\\\/lafrenchmousse.fr\\\/actualite\\\/rentree-2026-pourquoi-passer-a-la-biere-artisanale-personnalisee\\\/\"},\"author\":{\"name\":\"Victoria\",\"@id\":\"https:\\\/\\\/lafrenchmousse.fr\\\/actualite\\\/#\\\/schema\\\/person\\\/89c9bffc079f5fdff39f039dad25f321\"},\"headline\":\"Rentr\u00e9e 2026 : pourquoi passer \u00e0 la bi\u00e8re artisanale personnalis\u00e9e\",\"datePublished\":\"2026-09-01T07:54:39+00:00\",\"mainEntityOfPage\":{\"@id\":\"https:\\\/\\\/lafrenchmousse.fr\\\/actualite\\\/rentree-2026-pourquoi-passer-a-la-biere-artisanale-personnalisee\\\/\"},\"wordCount\":1011,\"commentCount\":0,\"publisher\":{\"@id\":\"https:\\\/\\\/lafrenchmousse.fr\\\/actualite\\\/#organization\"},\"image\":{\"@id\":\"https:\\\/\\\/lafrenchmousse.fr\\\/actualite\\\/rentree-2026-pourquoi-passer-a-la-biere-artisanale-personnalisee\\\/#primaryimage\"},\"thumbnailUrl\":\"https:\\\/\\\/lafrenchmousse.fr\\\/actualite\\\/wp-content\\\/uploads\\\/2026\\\/08\\\/MINIATURES-ARTICLES-37.png\",\"articleSection\":[\"Divers\",\"Professionnel\"],\"inLanguage\":\"fr-FR\",\"potentialAction\":[{\"@type\":\"CommentAction\",\"name\":\"Comment\",\"target\":[\"https:\\\/\\\/lafrenchmousse.fr\\\/actualite\\\/rentree-2026-pourquoi-passer-a-la-biere-artisanale-personnalisee\\\/#respond\"]}]},{\"@type\":\"WebPage\",\"@id\":\"https:\\\/\\\/lafrenchmousse.fr\\\/actualite\\\/rentree-2026-pourquoi-passer-a-la-biere-artisanale-personnalisee\\\/\",\"url\":\"https:\\\/\\\/lafrenchmousse.fr\\\/actualite\\\/rentree-2026-pourquoi-passer-a-la-biere-artisanale-personnalisee\\\/\",\"name\":\"Rentr\u00e9e 2026 : pourquoi passer \u00e0 la bi\u00e8re artisanale personnalis\u00e9e - La French Mousse Blog Rentr\u00e9e 2026 : passez \u00e0 la bi\u00e8re personnalis\u00e9e\",\"isPartOf\":{\"@id\":\"https:\\\/\\\/lafrenchmousse.fr\\\/actualite\\\/#website\"},\"primaryImageOfPage\":{\"@id\":\"https:\\\/\\\/lafrenchmousse.fr\\\/actualite\\\/rentree-2026-pourquoi-passer-a-la-biere-artisanale-personnalisee\\\/#primaryimage\"},\"image\":{\"@id\":\"https:\\\/\\\/lafrenchmousse.fr\\\/actualite\\\/rentree-2026-pourquoi-passer-a-la-biere-artisanale-personnalisee\\\/#primaryimage\"},\"thumbnailUrl\":\"https:\\\/\\\/lafrenchmousse.fr\\\/actualite\\\/wp-content\\\/uploads\\\/2026\\\/08\\\/MINIATURES-ARTICLES-37.png\",\"datePublished\":\"2026-09-01T07:54:39+00:00\",\"description\":\"Et si la rentr\u00e9e 2026 \u00e9tait l\u2019occasion de consommer mieux ? D\u00e9couvrez pourquoi adopter la bi\u00e8re artisanale personnalis\u00e9e, locale, savoureuse et sur-mesure.\",\"breadcrumb\":{\"@id\":\"https:\\\/\\\/lafrenchmousse.fr\\\/actualite\\\/rentree-2026-pourquoi-passer-a-la-biere-artisanale-personnalisee\\\/#breadcrumb\"},\"inLanguage\":\"fr-FR\",\"potentialAction\":[{\"@type\":\"ReadAction\",\"target\":[\"https:\\\/\\\/lafrenchmousse.fr\\\/actualite\\\/rentree-2026-pourquoi-passer-a-la-biere-artisanale-personnalisee\\\/\"]}]},{\"@type\":\"ImageObject\",\"inLanguage\":\"fr-FR\",\"@id\":\"https:\\\/\\\/lafrenchmousse.fr\\\/actualite\\\/rentree-2026-pourquoi-passer-a-la-biere-artisanale-personnalisee\\\/#primaryimage\",\"url\":\"https:\\\/\\\/lafrenchmousse.fr\\\/actualite\\\/wp-content\\\/uploads\\\/2026\\\/08\\\/MINIATURES-ARTICLES-37.png\",\"contentUrl\":\"https:\\\/\\\/lafrenchmousse.fr\\\/actualite\\\/wp-content\\\/uploads\\\/2026\\\/08\\\/MINIATURES-ARTICLES-37.png\",\"width\":750,\"height\":500,\"caption\":\"MINIATURES ARTICLES (37)\"},{\"@type\":\"BreadcrumbList\",\"@id\":\"https:\\\/\\\/lafrenchmousse.fr\\\/actualite\\\/rentree-2026-pourquoi-passer-a-la-biere-artisanale-personnalisee\\\/#breadcrumb\",\"itemListElement\":[{\"@type\":\"ListItem\",\"position\":1,\"name\":\"Accueil\",\"item\":\"https:\\\/\\\/lafrenchmousse.fr\\\/actualite\\\/\"},{\"@type\":\"ListItem\",\"position\":2,\"name\":\"Rentr\u00e9e 2026 : pourquoi passer \u00e0 la bi\u00e8re artisanale personnalis\u00e9e\"}]},{\"@type\":\"WebSite\",\"@id\":\"https:\\\/\\\/lafrenchmousse.fr\\\/actualite\\\/#website\",\"url\":\"https:\\\/\\\/lafrenchmousse.fr\\\/actualite\\\/\",\"name\":\"La French Mousse Blog\",\"description\":\"\",\"publisher\":{\"@id\":\"https:\\\/\\\/lafrenchmousse.fr\\\/actualite\\\/#organization\"},\"potentialAction\":[{\"@type\":\"SearchAction\",\"target\":{\"@type\":\"EntryPoint\",\"urlTemplate\":\"https:\\\/\\\/lafrenchmousse.fr\\\/actualite\\\/?s={search_term_string}\"},\"query-input\":{\"@type\":\"PropertyValueSpecification\",\"valueRequired\":true,\"valueName\":\"search_term_string\"}}],\"inLanguage\":\"fr-FR\"},{\"@type\":\"Organization\",\"@id\":\"https:\\\/\\\/lafrenchmousse.fr\\\/actualite\\\/#organization\",\"name\":\"La French Mousse Blog\",\"url\":\"https:\\\/\\\/lafrenchmousse.fr\\\/actualite\\\/\",\"logo\":{\"@type\":\"ImageObject\",\"inLanguage\":\"fr-FR\",\"@id\":\"https:\\\/\\\/lafrenchmousse.fr\\\/actualite\\\/#\\\/schema\\\/logo\\\/image\\\/\",\"url\":\"https:\\\/\\\/lafrenchmousse.fr\\\/actualite\\\/wp-content\\\/uploads\\\/2024\\\/03\\\/logo-La-French-Mousse.png\",\"contentUrl\":\"https:\\\/\\\/lafrenchmousse.fr\\\/actualite\\\/wp-content\\\/uploads\\\/2024\\\/03\\\/logo-La-French-Mousse.png\",\"width\":198,\"height\":95,\"caption\":\"La French Mousse Blog\"},\"image\":{\"@id\":\"https:\\\/\\\/lafrenchmousse.fr\\\/actualite\\\/#\\\/schema\\\/logo\\\/image\\\/\"}},{\"@type\":\"Person\",\"@id\":\"https:\\\/\\\/lafrenchmousse.fr\\\/actualite\\\/#\\\/schema\\\/person\\\/89c9bffc079f5fdff39f039dad25f321\",\"name\":\"Victoria\",\"image\":{\"@type\":\"ImageObject\",\"inLanguage\":\"fr-FR\",\"@id\":\"https:\\\/\\\/secure.gravatar.com\\\/avatar\\\/eea784612a968fddf85ff37646c82b47e2245242d3733faf41b2edd53ef57560?s=96&d=mm&r=g\",\"url\":\"https:\\\/\\\/secure.gravatar.com\\\/avatar\\\/eea784612a968fddf85ff37646c82b47e2245242d3733faf41b2edd53ef57560?s=96&d=mm&r=g\",\"contentUrl\":\"https:\\\/\\\/secure.gravatar.com\\\/avatar\\\/eea784612a968fddf85ff37646c82b47e2245242d3733faf41b2edd53ef57560?s=96&d=mm&r=g\",\"caption\":\"Victoria\"},\"url\":\"https:\\\/\\\/lafrenchmousse.fr\\\/actualite\\\/author\\\/victoria\\\/\"}]}<\/script>\n<!-- \/ Yoast SEO plugin. -->","yoast_head_json":{"title":"Rentr\u00e9e 2026 : pourquoi passer \u00e0 la bi\u00e8re artisanale personnalis\u00e9e - La French Mousse Blog Rentr\u00e9e 2026 : passez \u00e0 la bi\u00e8re personnalis\u00e9e","description":"Et si la rentr\u00e9e 2026 \u00e9tait l\u2019occasion de consommer mieux ? D\u00e9couvrez pourquoi adopter la bi\u00e8re artisanale personnalis\u00e9e, locale, savoureuse et sur-mesure.","robots":{"index":"index","follow":"follow","max-snippet":"max-snippet:-1","max-image-preview":"max-image-preview:large","max-video-preview":"max-video-preview:-1"},"canonical":"https:\/\/lafrenchmousse.fr\/actualite\/rentree-2026-pourquoi-passer-a-la-biere-artisanale-personnalisee\/","og_locale":"fr_FR","og_type":"article","og_title":"Rentr\u00e9e 2026 : pourquoi passer \u00e0 la bi\u00e8re artisanale personnalis\u00e9e - La French Mousse Blog Rentr\u00e9e 2026 : passez \u00e0 la bi\u00e8re personnalis\u00e9e","og_description":"Et si la rentr\u00e9e 2026 \u00e9tait l\u2019occasion de consommer mieux ? D\u00e9couvrez pourquoi adopter la bi\u00e8re artisanale personnalis\u00e9e, locale, savoureuse et sur-mesure.","og_url":"https:\/\/lafrenchmousse.fr\/actualite\/rentree-2026-pourquoi-passer-a-la-biere-artisanale-personnalisee\/","og_site_name":"La French Mousse Blog","article_published_time":"2026-09-01T07:54:39+00:00","og_image":[{"width":750,"height":500,"url":"https:\/\/lafrenchmousse.fr\/actualite\/wp-content\/uploads\/2026\/08\/MINIATURES-ARTICLES-37.png","type":"image\/png"}],"author":"Victoria","twitter_card":"summary_large_image","twitter_misc":{"\u00c9crit par":"Victoria","Dur\u00e9e de lecture estim\u00e9e":"6 minutes"},"schema":{"@context":"https:\/\/schema.org","@graph":[{"@type":"Article","@id":"https:\/\/lafrenchmousse.fr\/actualite\/rentree-2026-pourquoi-passer-a-la-biere-artisanale-personnalisee\/#article","isPartOf":{"@id":"https:\/\/lafrenchmousse.fr\/actualite\/rentree-2026-pourquoi-passer-a-la-biere-artisanale-personnalisee\/"},"author":{"name":"Victoria","@id":"https:\/\/lafrenchmousse.fr\/actualite\/#\/schema\/person\/89c9bffc079f5fdff39f039dad25f321"},"headline":"Rentr\u00e9e 2026 : pourquoi passer \u00e0 la bi\u00e8re artisanale personnalis\u00e9e","datePublished":"2026-09-01T07:54:39+00:00","mainEntityOfPage":{"@id":"https:\/\/lafrenchmousse.fr\/actualite\/rentree-2026-pourquoi-passer-a-la-biere-artisanale-personnalisee\/"},"wordCount":1011,"commentCount":0,"publisher":{"@id":"https:\/\/lafrenchmousse.fr\/actualite\/#organization"},"image":{"@id":"https:\/\/lafrenchmousse.fr\/actualite\/rentree-2026-pourquoi-passer-a-la-biere-artisanale-personnalisee\/#primaryimage"},"thumbnailUrl":"https:\/\/lafrenchmousse.fr\/actualite\/wp-content\/uploads\/2026\/08\/MINIATURES-ARTICLES-37.png","articleSection":["Divers","Professionnel"],"inLanguage":"fr-FR","potentialAction":[{"@type":"CommentAction","name":"Comment","target":["https:\/\/lafrenchmousse.fr\/actualite\/rentree-2026-pourquoi-passer-a-la-biere-artisanale-personnalisee\/#respond"]}]},{"@type":"WebPage","@id":"https:\/\/lafrenchmousse.fr\/actualite\/rentree-2026-pourquoi-passer-a-la-biere-artisanale-personnalisee\/","url":"https:\/\/lafrenchmousse.fr\/actualite\/rentree-2026-pourquoi-passer-a-la-biere-artisanale-personnalisee\/","name":"Rentr\u00e9e 2026 : pourquoi passer \u00e0 la bi\u00e8re artisanale personnalis\u00e9e - La French Mousse Blog Rentr\u00e9e 2026 : passez \u00e0 la bi\u00e8re personnalis\u00e9e","isPartOf":{"@id":"https:\/\/lafrenchmousse.fr\/actualite\/#website"},"primaryImageOfPage":{"@id":"https:\/\/lafrenchmousse.fr\/actualite\/rentree-2026-pourquoi-passer-a-la-biere-artisanale-personnalisee\/#primaryimage"},"image":{"@id":"https:\/\/lafrenchmousse.fr\/actualite\/rentree-2026-pourquoi-passer-a-la-biere-artisanale-personnalisee\/#primaryimage"},"thumbnailUrl":"https:\/\/lafrenchmousse.fr\/actualite\/wp-content\/uploads\/2026\/08\/MINIATURES-ARTICLES-37.png","datePublished":"2026-09-01T07:54:39+00:00","description":"Et si la rentr\u00e9e 2026 \u00e9tait l\u2019occasion de consommer mieux ? D\u00e9couvrez pourquoi adopter la bi\u00e8re artisanale personnalis\u00e9e, locale, savoureuse et sur-mesure.","breadcrumb":{"@id":"https:\/\/lafrenchmousse.fr\/actualite\/rentree-2026-pourquoi-passer-a-la-biere-artisanale-personnalisee\/#breadcrumb"},"inLanguage":"fr-FR","potentialAction":[{"@type":"ReadAction","target":["https:\/\/lafrenchmousse.fr\/actualite\/rentree-2026-pourquoi-passer-a-la-biere-artisanale-personnalisee\/"]}]},{"@type":"ImageObject","inLanguage":"fr-FR","@id":"https:\/\/lafrenchmousse.fr\/actualite\/rentree-2026-pourquoi-passer-a-la-biere-artisanale-personnalisee\/#primaryimage","url":"https:\/\/lafrenchmousse.fr\/actualite\/wp-content\/uploads\/2026\/08\/MINIATURES-ARTICLES-37.png","contentUrl":"https:\/\/lafrenchmousse.fr\/actualite\/wp-content\/uploads\/2026\/08\/MINIATURES-ARTICLES-37.png","width":750,"height":500,"caption":"MINIATURES ARTICLES (37)"},{"@type":"BreadcrumbList","@id":"https:\/\/lafrenchmousse.fr\/actualite\/rentree-2026-pourquoi-passer-a-la-biere-artisanale-personnalisee\/#breadcrumb","itemListElement":[{"@type":"ListItem","position":1,"name":"Accueil","item":"https:\/\/lafrenchmousse.fr\/actualite\/"},{"@type":"ListItem","position":2,"name":"Rentr\u00e9e 2026 : pourquoi passer \u00e0 la bi\u00e8re artisanale personnalis\u00e9e"}]},{"@type":"WebSite","@id":"https:\/\/lafrenchmousse.fr\/actualite\/#website","url":"https:\/\/lafrenchmousse.fr\/actualite\/","name":"La French Mousse Blog","description":"","publisher":{"@id":"https:\/\/lafrenchmousse.fr\/actualite\/#organization"},"potentialAction":[{"@type":"SearchAction","target":{"@type":"EntryPoint","urlTemplate":"https:\/\/lafrenchmousse.fr\/actualite\/?s={search_term_string}"},"query-input":{"@type":"PropertyValueSpecification","valueRequired":true,"valueName":"search_term_string"}}],"inLanguage":"fr-FR"},{"@type":"Organization","@id":"https:\/\/lafrenchmousse.fr\/actualite\/#organization","name":"La French Mousse Blog","url":"https:\/\/lafrenchmousse.fr\/actualite\/","logo":{"@type":"ImageObject","inLanguage":"fr-FR","@id":"https:\/\/lafrenchmousse.fr\/actualite\/#\/schema\/logo\/image\/","url":"https:\/\/lafrenchmousse.fr\/actualite\/wp-content\/uploads\/2024\/03\/logo-La-French-Mousse.png","contentUrl":"https:\/\/lafrenchmousse.fr\/actualite\/wp-content\/uploads\/2024\/03\/logo-La-French-Mousse.png","width":198,"height":95,"caption":"La French Mousse Blog"},"image":{"@id":"https:\/\/lafrenchmousse.fr\/actualite\/#\/schema\/logo\/image\/"}},{"@type":"Person","@id":"https:\/\/lafrenchmousse.fr\/actualite\/#\/schema\/person\/89c9bffc079f5fdff39f039dad25f321","name":"Victoria","image":{"@type":"ImageObject","inLanguage":"fr-FR","@id":"https:\/\/secure.gravatar.com\/avatar\/eea784612a968fddf85ff37646c82b47e2245242d3733faf41b2edd53ef57560?s=96&d=mm&r=g","url":"https:\/\/secure.gravatar.com\/avatar\/eea784612a968fddf85ff37646c82b47e2245242d3733faf41b2edd53ef57560?s=96&d=mm&r=g","contentUrl":"https:\/\/secure.gravatar.com\/avatar\/eea784612a968fddf85ff37646c82b47e2245242d3733faf41b2edd53ef57560?s=96&d=mm&r=g","caption":"Victoria"},"url":"https:\/\/lafrenchmousse.fr\/actualite\/author\/victoria\/"}]}},"_links":{"self":[{"href":"https:\/\/lafrenchmousse.fr\/actualite\/wp-json\/wp\/v2\/posts\/1244","targetHints":{"allow":["GET"]}}],"collection":[{"href":"https:\/\/lafrenchmousse.fr\/actualite\/wp-json\/wp\/v2\/posts"}],"about":[{"href":"https:\/\/lafrenchmousse.fr\/actualite\/wp-json\/wp\/v2\/types\/post"}],"author":[{"embeddable":true,"href":"https:\/\/lafrenchmousse.fr\/actualite\/wp-json\/wp\/v2\/users\/11"}],"replies":[{"embeddable":true,"href":"https:\/\/lafrenchmousse.fr\/actualite\/wp-json\/wp\/v2\/comments?post=1244"}],"version-history":[{"count":3,"href":"https:\/\/lafrenchmousse.fr\/actualite\/wp-json\/wp\/v2\/posts\/1244\/revisions"}],"predecessor-version":[{"id":1262,"href":"https:\/\/lafrenchmousse.fr\/actualite\/wp-json\/wp\/v2\/posts\/1244\/revisions\/1262"}],"wp:featuredmedia":[{"embeddable":true,"href":"https:\/\/lafrenchmousse.fr\/actualite\/wp-json\/wp\/v2\/media\/1248"}],"wp:attachment":[{"href":"https:\/\/lafrenchmousse.fr\/actualite\/wp-json\/wp\/v2\/media?parent=1244"}],"wp:term":[{"taxonomy":"category","embeddable":true,"href":"https:\/\/lafrenchmousse.fr\/actualite\/wp-json\/wp\/v2\/categories?post=1244"},{"taxonomy":"post_tag","embeddable":true,"href":"https:\/\/lafrenchmousse.fr\/actualite\/wp-json\/wp\/v2\/tags?post=1244"}],"curies":[{"name":"wp","href":"https:\/\/api.w.org\/{rel}","templated":true}]}}