{"id":1231,"date":"2026-08-27T15:12:32","date_gmt":"2026-08-27T13:12:32","guid":{"rendered":"https:\/\/lafrenchmousse.fr\/actualite\/?p=1231"},"modified":"2026-07-16T15:51:39","modified_gmt":"2026-07-16T13:51:39","slug":"creer-des-packs-cadeaux-entreprise-autour-de-la-biere-personnalisee","status":"publish","type":"post","link":"https:\/\/lafrenchmousse.fr\/actualite\/creer-des-packs-cadeaux-entreprise-autour-de-la-biere-personnalisee\/","title":{"rendered":"Cr\u00e9er des packs cadeaux entreprise autour de la bi\u00e8re personnalis\u00e9e"},"content":{"rendered":"\n<figure class=\"wp-block-image size-full\"><img fetchpriority=\"high\" decoding=\"async\" width=\"750\" height=\"500\" src=\"https:\/\/lafrenchmousse.fr\/actualite\/wp-content\/uploads\/2026\/07\/MINIATURES-ARTICLES-34.png\" alt=\"Pack cadeaux d'entreprise\" class=\"wp-image-1238\" srcset=\"https:\/\/lafrenchmousse.fr\/actualite\/wp-content\/uploads\/2026\/07\/MINIATURES-ARTICLES-34.png 750w, https:\/\/lafrenchmousse.fr\/actualite\/wp-content\/uploads\/2026\/07\/MINIATURES-ARTICLES-34-300x200.png 300w\" sizes=\"(max-width: 750px) 100vw, 750px\" \/><\/figure>\n\n\n\n<p class=\"wp-block-paragraph\">Le mug floqu\u00e9, le stylo publicitaire, le \u00e9ni\u00e8me panier garni : le cadeau d\u2019entreprise a longtemps rim\u00e9 avec convenu. On offre parce qu\u2019il faut offrir, on re\u00e7oit sans vraiment s\u2019en souvenir, et le geste tombe \u00e0 plat. Pourtant, un cadeau professionnel bien pens\u00e9 fait bien plus que cocher une case sur une liste : il renforce une relation, valorise une image et laisse une trace. Encore faut-il sortir des sentiers battus. Et si, cette ann\u00e9e, vous misiez sur un <strong><a href=\"https:\/\/lafrenchmousse.fr\/fr\/\">pack cadeau entreprise bi\u00e8re<\/a><\/strong> enti\u00e8rement personnalis\u00e9, aussi convivial qu\u2019\u00e9l\u00e9gant ?<\/p>\n\n\n\n<h2 class=\"wp-block-heading\" style=\"font-size:clamp(18.959px, 1.185rem + ((1vw - 3.2px) * 0.863), 30px);\"><strong>Le cadeau d\u2019entreprise, un vrai levier relationnel<\/strong><\/h2>\n\n\n\n<div class=\"wp-block-media-text is-stacked-on-mobile is-image-fill-element\"><figure class=\"wp-block-media-text__media\"><img decoding=\"async\" width=\"683\" height=\"1024\" src=\"https:\/\/lafrenchmousse.fr\/actualite\/wp-content\/uploads\/2026\/07\/28112025-DSC_6789-683x1024.jpg\" alt=\"28112025 DSC 6789\" class=\"wp-image-1240 size-full\" style=\"object-position:55% 58%\" srcset=\"https:\/\/lafrenchmousse.fr\/actualite\/wp-content\/uploads\/2026\/07\/28112025-DSC_6789-683x1024.jpg 683w, https:\/\/lafrenchmousse.fr\/actualite\/wp-content\/uploads\/2026\/07\/28112025-DSC_6789-200x300.jpg 200w, https:\/\/lafrenchmousse.fr\/actualite\/wp-content\/uploads\/2026\/07\/28112025-DSC_6789-768x1152.jpg 768w, https:\/\/lafrenchmousse.fr\/actualite\/wp-content\/uploads\/2026\/07\/28112025-DSC_6789-1024x1536.jpg 1024w, https:\/\/lafrenchmousse.fr\/actualite\/wp-content\/uploads\/2026\/07\/28112025-DSC_6789-1365x2048.jpg 1365w, https:\/\/lafrenchmousse.fr\/actualite\/wp-content\/uploads\/2026\/07\/28112025-DSC_6789-scaled.jpg 1707w\" sizes=\"(max-width: 683px) 100vw, 683px\" \/><\/figure><div class=\"wp-block-media-text__content\">\n<p class=\"wp-block-paragraph\">Offrir, dans le monde professionnel, n\u2019a rien d\u2019anodin. Un cadeau r\u00e9ussi entretient le lien avec vos clients, remercie vos partenaires et reconna\u00eet l\u2019engagement de vos \u00e9quipes. Il dit quelque chose de vous : votre attention, votre go\u00fbt, votre identit\u00e9. \u00c0 l\u2019inverse, un pr\u00e9sent g\u00e9n\u00e9rique envoie un message tout aussi clair, celui du minimum syndical.<\/p>\n<\/div><\/div>\n\n\n\n<p class=\"wp-block-paragraph\">La bi\u00e8re artisanale personnalis\u00e9e coche une case que peu d\u2019objets promotionnels atteignent : elle est \u00e0 la fois plaisante, conviviale et m\u00e9morable. On la partage, on la commente, on la photographie. L\u00e0 o\u00f9 un goodie finit trop souvent au fond d\u2019un tiroir, une belle bouteille \u00e0 votre image se d\u00e9guste et se raconte.<\/p>\n\n\n\n<p class=\"wp-block-paragraph\">Ce type d\u2019attention se remarque et se retient. Une bi\u00e8re \u00e0 votre nom pos\u00e9e sur un bureau ou partag\u00e9e \u00e0 la pause devient un rappel discret de votre marque, bien plus durable qu\u2019un e-mail de remerciement. Le geste circule, on en parle autour de la machine \u00e0 caf\u00e9, et votre entreprise reste dans les esprits pour les bonnes raisons.<\/p>\n\n\n\n<h2 class=\"wp-block-heading\" style=\"font-size:clamp(18.959px, 1.185rem + ((1vw - 3.2px) * 0.863), 30px);\"><strong>Pourquoi la bi\u00e8re personnalis\u00e9e fait un cadeau qui marque<\/strong><\/h2>\n\n\n\n<p class=\"wp-block-paragraph\">Le secret tient dans l\u2019\u00e9tiquette. Sur chaque bouteille de 33 cl, vous disposez d\u2019un espace d\u2019expression sur mesure : votre logo, vos couleurs, un message, le nom d\u2019un collaborateur ou la date d\u2019un \u00e9v\u00e9nement. Ce soin du <strong>packaging de bi\u00e8re personnalis\u00e9e<\/strong> transforme un produit convivial en v\u00e9ritable support de communication.<\/p>\n\n\n\n<p class=\"wp-block-paragraph\">Ajoutez \u00e0 cela un brassage artisanal fran\u00e7ais et une r\u00e9elle qualit\u00e9 gustative, et vous obtenez un cadeau sans compromis. Quatre typologies permettent de composer selon les go\u00fbts de chacun : la Blonde (4,8 %) accessible et f\u00e9d\u00e9ratrice, la Blanche (5,2 %) fra\u00eeche et acidul\u00e9e, l\u2019IPA (6,5 %) plus caract\u00e9rielle, et la NEIPA, ronde et fruit\u00e9e. De quoi contenter les amateurs comme les curieux.<\/p>\n\n\n\n<h2 class=\"wp-block-heading\" style=\"font-size:clamp(18.959px, 1.185rem + ((1vw - 3.2px) * 0.863), 30px);\"><strong>Un cadeau local, artisanal et responsable<\/strong><\/h2>\n\n\n\n<div class=\"wp-block-media-text has-media-on-the-right is-stacked-on-mobile is-image-fill-element\"><div class=\"wp-block-media-text__content\">\n<p class=\"wp-block-paragraph\">Au-del\u00e0 du plaisir qu\u2019il procure, un cadeau d\u2019entreprise raconte aussi les valeurs de celui qui l\u2019offre. En choisissant une bi\u00e8re brass\u00e9e en France, vous privil\u00e9giez un savoir-faire artisanal et une production ancr\u00e9e sur le territoire, loin des goodies import\u00e9s en masse. Un argument qui p\u00e8se de plus en plus, autant aupr\u00e8s de vos collaborateurs sensibles \u00e0 la d\u00e9marche que de clients attentifs \u00e0 la coh\u00e9rence de vos engagements.<\/p>\n<\/div><figure class=\"wp-block-media-text__media\"><img decoding=\"async\" width=\"819\" height=\"1024\" src=\"https:\/\/lafrenchmousse.fr\/actualite\/wp-content\/uploads\/2026\/07\/2025-10-LR-META-BIERES-LA-RAVARINE-819x1024.png\" alt=\"BIERES LA RAVARINE\" class=\"wp-image-1241 size-full\" style=\"object-position:44% 30%\" srcset=\"https:\/\/lafrenchmousse.fr\/actualite\/wp-content\/uploads\/2026\/07\/2025-10-LR-META-BIERES-LA-RAVARINE-819x1024.png 819w, https:\/\/lafrenchmousse.fr\/actualite\/wp-content\/uploads\/2026\/07\/2025-10-LR-META-BIERES-LA-RAVARINE-240x300.png 240w, https:\/\/lafrenchmousse.fr\/actualite\/wp-content\/uploads\/2026\/07\/2025-10-LR-META-BIERES-LA-RAVARINE-768x960.png 768w, https:\/\/lafrenchmousse.fr\/actualite\/wp-content\/uploads\/2026\/07\/2025-10-LR-META-BIERES-LA-RAVARINE.png 1080w\" sizes=\"(max-width: 819px) 100vw, 819px\" \/><\/figure><\/div>\n\n\n\n<p class=\"wp-block-paragraph\">C\u2019est aussi un cadeau qui limite le superflu : contrairement \u00e0 l\u2019objet promotionnel qu\u2019on oublie, une bonne bi\u00e8re est faite pour \u00eatre consomm\u00e9e et appr\u00e9ci\u00e9e. Utile, agr\u00e9able et align\u00e9 avec une consommation plus r\u00e9fl\u00e9chie, le pack personnalis\u00e9 r\u00e9unit le geste sympathique et le choix responsable, sans avoir \u00e0 choisir entre les deux.<\/p>\n\n\n\n<h2 class=\"wp-block-heading\" style=\"font-size:clamp(18.959px, 1.185rem + ((1vw - 3.2px) * 0.863), 30px);\"><strong>Composer votre pack : les ingr\u00e9dients d\u2019un coffret r\u00e9ussi<\/strong><\/h2>\n\n\n\n<p class=\"wp-block-paragraph\">Un bon <strong><a href=\"https:\/\/lafrenchmousse.fr\/fr\/\">coffret bi\u00e8re pro<\/a><\/strong> ne se r\u00e9sume pas \u00e0 empiler des bouteilles dans une bo\u00eete. Quatre \u00e9l\u00e9ments m\u00e9ritent votre attention pour un r\u00e9sultat \u00e0 la hauteur.<\/p>\n\n\n\n<ul class=\"wp-block-list\">\n<li>Le choix des bi\u00e8res : privil\u00e9giez un assortiment plut\u00f4t qu\u2019une seule typologie, pour que chacun y trouve son go\u00fbt, un trio Blonde, Blanche et IPA faisant g\u00e9n\u00e9ralement l\u2019unanimit\u00e9.<\/li>\n\n\n\n<li>L\u2019\u00e9tiquette : c\u2019est le c\u0153ur de la personnalisation, alors soignez le logo, la charte graphique et le message, car c\u2019est bien elle que l\u2019on regarde en premier.<\/li>\n\n\n\n<li>La quantit\u00e9 : anticipez le nombre de destinataires, sachant que les tarifs d\u00e9gressifs rendent les volumes importants d\u2019autant plus avantageux.<\/li>\n\n\n\n<li>La coh\u00e9rence : adaptez le pack \u00e0 l\u2019occasion et au destinataire, car un cadeau client haut de gamme ne se compose pas comme un lot destin\u00e9 \u00e0 toute une \u00e9quipe.<\/li>\n<\/ul>\n\n\n\n<h2 class=\"wp-block-heading\" style=\"font-size:clamp(18.959px, 1.185rem + ((1vw - 3.2px) * 0.863), 30px);\"><strong>Trois id\u00e9es de packs selon l\u2019occasion<\/strong><\/h2>\n\n\n\n<p class=\"wp-block-paragraph\">Pour vous inspirer, voici trois formules qui fonctionnent particuli\u00e8rement bien en entreprise.<\/p>\n\n\n\n<ol class=\"wp-block-list\">\n<li>Le coffret de fin d\u2019ann\u00e9e reste le grand classique du remerciement client et partenaire : un assortiment \u00e9l\u00e9gant, une \u00e9tiquette aux couleurs de votre marque et un mot personnalis\u00e9 pour cl\u00f4turer l\u2019ann\u00e9e sur une note chaleureuse.<\/li>\n\n\n\n<li>Le pack de bienvenue accueille un nouveau collaborateur avec une bi\u00e8re \u00e0 son nom, un geste simple et sinc\u00e8re qui marque les esprits d\u00e8s le premier jour.<\/li>\n\n\n\n<li>Le coffret \u00e9v\u00e9nementiel accompagne un s\u00e9minaire, un salon ou un lancement de produit, avec des bouteilles \u00e0 l\u2019effigie de l\u2019occasion qui prolongent l\u2019exp\u00e9rience bien apr\u00e8s la derni\u00e8re poign\u00e9e de main.<\/li>\n<\/ol>\n\n\n\n<h2 class=\"wp-block-heading\" style=\"font-size:clamp(18.959px, 1.185rem + ((1vw - 3.2px) * 0.863), 30px);\"><strong>De l\u2019id\u00e9e \u00e0 la livraison, en toute simplicit\u00e9<\/strong><\/h2>\n\n\n\n<div class=\"wp-block-media-text is-stacked-on-mobile is-image-fill-element\"><figure class=\"wp-block-media-text__media\"><img loading=\"lazy\" decoding=\"async\" width=\"683\" height=\"1024\" src=\"https:\/\/lafrenchmousse.fr\/actualite\/wp-content\/uploads\/2026\/07\/DSC_2132-683x1024.jpg\" alt=\"DSC 2132\" class=\"wp-image-1242 size-full\" style=\"object-position:39% 63%\" srcset=\"https:\/\/lafrenchmousse.fr\/actualite\/wp-content\/uploads\/2026\/07\/DSC_2132-683x1024.jpg 683w, https:\/\/lafrenchmousse.fr\/actualite\/wp-content\/uploads\/2026\/07\/DSC_2132-200x300.jpg 200w, https:\/\/lafrenchmousse.fr\/actualite\/wp-content\/uploads\/2026\/07\/DSC_2132-768x1152.jpg 768w, https:\/\/lafrenchmousse.fr\/actualite\/wp-content\/uploads\/2026\/07\/DSC_2132-1024x1536.jpg 1024w, https:\/\/lafrenchmousse.fr\/actualite\/wp-content\/uploads\/2026\/07\/DSC_2132-1365x2048.jpg 1365w, https:\/\/lafrenchmousse.fr\/actualite\/wp-content\/uploads\/2026\/07\/DSC_2132-scaled.jpg 1707w\" sizes=\"(max-width: 683px) 100vw, 683px\" \/><\/figure><div class=\"wp-block-media-text__content\">\n<p class=\"wp-block-paragraph\">Composer votre pack ne demande ni comp\u00e9tence graphique ni d\u00e9lai interminable. Sur lafrenchmousse.fr, le configurateur 3D vous permet de cr\u00e9er votre \u00e9tiquette et de la visualiser en temps r\u00e9el sur la bouteille de 33 cl. Vous choisissez vos typologies, vous importez votre logo, vous ajustez, et vous validez.<\/p>\n\n\n\n<p class=\"wp-block-paragraph\">Pour les commandes importantes, un accompagnement d\u00e9di\u00e9 vous aide \u00e0 caler les quantit\u00e9s et les finitions. La livraison intervient sous 7 \u00e0 10 jours, et le coffret \u00e9chantillon vous permet de go\u00fbter les bi\u00e8res avant de vous engager sur un volume. De quoi commander l\u2019esprit tranquille, m\u00eame pour une premi\u00e8re fois.<\/p>\n<\/div><\/div>\n\n\n\n<p class=\"wp-block-paragraph\">Petite s\u00e9rie pour quelques clients privil\u00e9gi\u00e9s ou commande volumineuse pour toute une \u00e9quipe, la formule s\u2019adapte \u00e0 vos besoins comme \u00e0 votre budget. Vous gardez la main sur chaque param\u00e8tre, du nombre de bouteilles au niveau de finition, sans mauvaise surprise au moment de valider.<\/p>\n\n\n\n<h2 class=\"wp-block-heading\" style=\"font-size:clamp(18.959px, 1.185rem + ((1vw - 3.2px) * 0.863), 30px);\"><strong>Faites de votre cadeau un prolongement de votre marque<\/strong><\/h2>\n\n\n\n<p class=\"wp-block-paragraph\">Offrir une bi\u00e8re personnalis\u00e9e, c\u2019est offrir bien plus qu\u2019une boisson : c\u2019est offrir une attention \u00e0 votre image, un moment de partage et un souvenir qui dure. Pour vos clients, vos partenaires ou vos \u00e9quipes, le pack cadeau devient un ambassadeur discret mais efficace de votre entreprise.<\/p>\n\n\n\n<p class=\"wp-block-paragraph\"><em>L\u2019abus d\u2019alcool est dangereux pour la sant\u00e9, \u00e0 consommer avec mod\u00e9ration.<\/em><\/p>\n\n\n\n<p class=\"wp-block-paragraph\"><strong>Composez d\u00e8s maintenant votre coffret sur <\/strong><a href=\"https:\/\/lafrenchmousse.fr\/fr\/\">lafrenchmousse.fr<\/a><strong>, ou contactez notre \u00e9quipe pour un pack sur mesure adapt\u00e9 \u00e0 votre entreprise.<\/strong><\/p>\n","protected":false},"excerpt":{"rendered":"<p>Le mug floqu\u00e9, le stylo publicitaire, le \u00e9ni\u00e8me panier garni : le cadeau d\u2019entreprise a longtemps rim\u00e9 avec convenu. On offre parce qu\u2019il faut offrir, on re\u00e7oit sans vraiment s\u2019en souvenir, et le geste tombe \u00e0 plat. Pourtant, un cadeau professionnel bien pens\u00e9 fait bien plus que cocher une case sur une liste : il [&hellip;]<\/p>\n","protected":false},"author":11,"featured_media":1238,"comment_status":"open","ping_status":"open","sticky":false,"template":"","format":"standard","meta":{"footnotes":""},"categories":[1,12],"tags":[],"class_list":["post-1231","post","type-post","status-publish","format-standard","has-post-thumbnail","hentry","category-divers","category-professionnel"],"blocksy_meta":[],"yoast_head":"<!-- This site is optimized with the Yoast SEO plugin v28.4 - https:\/\/yoast.com\/product\/yoast-seo-wordpress\/ -->\n<title>Cr\u00e9er des packs cadeaux entreprise autour de la bi\u00e8re personnalis\u00e9e - La French Mousse Blog<\/title>\n<meta name=\"robots\" content=\"index, follow, max-snippet:-1, max-image-preview:large, max-video-preview:-1\" \/>\n<link rel=\"canonical\" href=\"https:\/\/lafrenchmousse.fr\/actualite\/creer-des-packs-cadeaux-entreprise-autour-de-la-biere-personnalisee\/\" \/>\n<meta property=\"og:locale\" content=\"fr_FR\" \/>\n<meta property=\"og:type\" content=\"article\" \/>\n<meta property=\"og:title\" content=\"Cr\u00e9er des packs cadeaux entreprise autour de la bi\u00e8re personnalis\u00e9e - La French Mousse Blog\" \/>\n<meta property=\"og:description\" content=\"Le mug floqu\u00e9, le stylo publicitaire, le \u00e9ni\u00e8me panier garni : le cadeau d\u2019entreprise a longtemps rim\u00e9 avec convenu. On offre parce qu\u2019il faut offrir, on re\u00e7oit sans vraiment s\u2019en souvenir, et le geste tombe \u00e0 plat. Pourtant, un cadeau professionnel bien pens\u00e9 fait bien plus que cocher une case sur une liste : il [&hellip;]\" \/>\n<meta property=\"og:url\" content=\"https:\/\/lafrenchmousse.fr\/actualite\/creer-des-packs-cadeaux-entreprise-autour-de-la-biere-personnalisee\/\" \/>\n<meta property=\"og:site_name\" content=\"La French Mousse Blog\" \/>\n<meta property=\"article:published_time\" content=\"2026-08-27T13:12:32+00:00\" \/>\n<meta property=\"og:image\" content=\"https:\/\/lafrenchmousse.fr\/actualite\/wp-content\/uploads\/2026\/07\/MINIATURES-ARTICLES-34.png\" \/>\n\t<meta property=\"og:image:width\" content=\"750\" \/>\n\t<meta property=\"og:image:height\" content=\"500\" \/>\n\t<meta property=\"og:image:type\" content=\"image\/png\" \/>\n<meta name=\"author\" content=\"Victoria\" \/>\n<meta name=\"twitter:card\" content=\"summary_large_image\" \/>\n<meta name=\"twitter:label1\" content=\"\u00c9crit par\" \/>\n\t<meta name=\"twitter:data1\" content=\"Victoria\" \/>\n\t<meta name=\"twitter:label2\" content=\"Dur\u00e9e de lecture estim\u00e9e\" \/>\n\t<meta name=\"twitter:data2\" content=\"7 minutes\" \/>\n<script type=\"application\/ld+json\" class=\"yoast-schema-graph\">{\"@context\":\"https:\\\/\\\/schema.org\",\"@graph\":[{\"@type\":\"Article\",\"@id\":\"https:\\\/\\\/lafrenchmousse.fr\\\/actualite\\\/creer-des-packs-cadeaux-entreprise-autour-de-la-biere-personnalisee\\\/#article\",\"isPartOf\":{\"@id\":\"https:\\\/\\\/lafrenchmousse.fr\\\/actualite\\\/creer-des-packs-cadeaux-entreprise-autour-de-la-biere-personnalisee\\\/\"},\"author\":{\"name\":\"Victoria\",\"@id\":\"https:\\\/\\\/lafrenchmousse.fr\\\/actualite\\\/#\\\/schema\\\/person\\\/89c9bffc079f5fdff39f039dad25f321\"},\"headline\":\"Cr\u00e9er des packs cadeaux entreprise autour de la bi\u00e8re personnalis\u00e9e\",\"datePublished\":\"2026-08-27T13:12:32+00:00\",\"mainEntityOfPage\":{\"@id\":\"https:\\\/\\\/lafrenchmousse.fr\\\/actualite\\\/creer-des-packs-cadeaux-entreprise-autour-de-la-biere-personnalisee\\\/\"},\"wordCount\":1115,\"commentCount\":0,\"publisher\":{\"@id\":\"https:\\\/\\\/lafrenchmousse.fr\\\/actualite\\\/#organization\"},\"image\":{\"@id\":\"https:\\\/\\\/lafrenchmousse.fr\\\/actualite\\\/creer-des-packs-cadeaux-entreprise-autour-de-la-biere-personnalisee\\\/#primaryimage\"},\"thumbnailUrl\":\"https:\\\/\\\/lafrenchmousse.fr\\\/actualite\\\/wp-content\\\/uploads\\\/2026\\\/07\\\/MINIATURES-ARTICLES-34.png\",\"articleSection\":[\"Divers\",\"Professionnel\"],\"inLanguage\":\"fr-FR\",\"potentialAction\":[{\"@type\":\"CommentAction\",\"name\":\"Comment\",\"target\":[\"https:\\\/\\\/lafrenchmousse.fr\\\/actualite\\\/creer-des-packs-cadeaux-entreprise-autour-de-la-biere-personnalisee\\\/#respond\"]}]},{\"@type\":\"WebPage\",\"@id\":\"https:\\\/\\\/lafrenchmousse.fr\\\/actualite\\\/creer-des-packs-cadeaux-entreprise-autour-de-la-biere-personnalisee\\\/\",\"url\":\"https:\\\/\\\/lafrenchmousse.fr\\\/actualite\\\/creer-des-packs-cadeaux-entreprise-autour-de-la-biere-personnalisee\\\/\",\"name\":\"Cr\u00e9er des packs cadeaux entreprise autour de la bi\u00e8re personnalis\u00e9e - La French Mousse Blog\",\"isPartOf\":{\"@id\":\"https:\\\/\\\/lafrenchmousse.fr\\\/actualite\\\/#website\"},\"primaryImageOfPage\":{\"@id\":\"https:\\\/\\\/lafrenchmousse.fr\\\/actualite\\\/creer-des-packs-cadeaux-entreprise-autour-de-la-biere-personnalisee\\\/#primaryimage\"},\"image\":{\"@id\":\"https:\\\/\\\/lafrenchmousse.fr\\\/actualite\\\/creer-des-packs-cadeaux-entreprise-autour-de-la-biere-personnalisee\\\/#primaryimage\"},\"thumbnailUrl\":\"https:\\\/\\\/lafrenchmousse.fr\\\/actualite\\\/wp-content\\\/uploads\\\/2026\\\/07\\\/MINIATURES-ARTICLES-34.png\",\"datePublished\":\"2026-08-27T13:12:32+00:00\",\"breadcrumb\":{\"@id\":\"https:\\\/\\\/lafrenchmousse.fr\\\/actualite\\\/creer-des-packs-cadeaux-entreprise-autour-de-la-biere-personnalisee\\\/#breadcrumb\"},\"inLanguage\":\"fr-FR\",\"potentialAction\":[{\"@type\":\"ReadAction\",\"target\":[\"https:\\\/\\\/lafrenchmousse.fr\\\/actualite\\\/creer-des-packs-cadeaux-entreprise-autour-de-la-biere-personnalisee\\\/\"]}]},{\"@type\":\"ImageObject\",\"inLanguage\":\"fr-FR\",\"@id\":\"https:\\\/\\\/lafrenchmousse.fr\\\/actualite\\\/creer-des-packs-cadeaux-entreprise-autour-de-la-biere-personnalisee\\\/#primaryimage\",\"url\":\"https:\\\/\\\/lafrenchmousse.fr\\\/actualite\\\/wp-content\\\/uploads\\\/2026\\\/07\\\/MINIATURES-ARTICLES-34.png\",\"contentUrl\":\"https:\\\/\\\/lafrenchmousse.fr\\\/actualite\\\/wp-content\\\/uploads\\\/2026\\\/07\\\/MINIATURES-ARTICLES-34.png\",\"width\":750,\"height\":500,\"caption\":\"MINIATURES ARTICLES (34)\"},{\"@type\":\"BreadcrumbList\",\"@id\":\"https:\\\/\\\/lafrenchmousse.fr\\\/actualite\\\/creer-des-packs-cadeaux-entreprise-autour-de-la-biere-personnalisee\\\/#breadcrumb\",\"itemListElement\":[{\"@type\":\"ListItem\",\"position\":1,\"name\":\"Accueil\",\"item\":\"https:\\\/\\\/lafrenchmousse.fr\\\/actualite\\\/\"},{\"@type\":\"ListItem\",\"position\":2,\"name\":\"Cr\u00e9er des packs cadeaux entreprise autour de la bi\u00e8re personnalis\u00e9e\"}]},{\"@type\":\"WebSite\",\"@id\":\"https:\\\/\\\/lafrenchmousse.fr\\\/actualite\\\/#website\",\"url\":\"https:\\\/\\\/lafrenchmousse.fr\\\/actualite\\\/\",\"name\":\"La French Mousse Blog\",\"description\":\"\",\"publisher\":{\"@id\":\"https:\\\/\\\/lafrenchmousse.fr\\\/actualite\\\/#organization\"},\"potentialAction\":[{\"@type\":\"SearchAction\",\"target\":{\"@type\":\"EntryPoint\",\"urlTemplate\":\"https:\\\/\\\/lafrenchmousse.fr\\\/actualite\\\/?s={search_term_string}\"},\"query-input\":{\"@type\":\"PropertyValueSpecification\",\"valueRequired\":true,\"valueName\":\"search_term_string\"}}],\"inLanguage\":\"fr-FR\"},{\"@type\":\"Organization\",\"@id\":\"https:\\\/\\\/lafrenchmousse.fr\\\/actualite\\\/#organization\",\"name\":\"La French Mousse Blog\",\"url\":\"https:\\\/\\\/lafrenchmousse.fr\\\/actualite\\\/\",\"logo\":{\"@type\":\"ImageObject\",\"inLanguage\":\"fr-FR\",\"@id\":\"https:\\\/\\\/lafrenchmousse.fr\\\/actualite\\\/#\\\/schema\\\/logo\\\/image\\\/\",\"url\":\"https:\\\/\\\/lafrenchmousse.fr\\\/actualite\\\/wp-content\\\/uploads\\\/2024\\\/03\\\/logo-La-French-Mousse.png\",\"contentUrl\":\"https:\\\/\\\/lafrenchmousse.fr\\\/actualite\\\/wp-content\\\/uploads\\\/2024\\\/03\\\/logo-La-French-Mousse.png\",\"width\":198,\"height\":95,\"caption\":\"La French Mousse Blog\"},\"image\":{\"@id\":\"https:\\\/\\\/lafrenchmousse.fr\\\/actualite\\\/#\\\/schema\\\/logo\\\/image\\\/\"}},{\"@type\":\"Person\",\"@id\":\"https:\\\/\\\/lafrenchmousse.fr\\\/actualite\\\/#\\\/schema\\\/person\\\/89c9bffc079f5fdff39f039dad25f321\",\"name\":\"Victoria\",\"image\":{\"@type\":\"ImageObject\",\"inLanguage\":\"fr-FR\",\"@id\":\"https:\\\/\\\/secure.gravatar.com\\\/avatar\\\/eea784612a968fddf85ff37646c82b47e2245242d3733faf41b2edd53ef57560?s=96&d=mm&r=g\",\"url\":\"https:\\\/\\\/secure.gravatar.com\\\/avatar\\\/eea784612a968fddf85ff37646c82b47e2245242d3733faf41b2edd53ef57560?s=96&d=mm&r=g\",\"contentUrl\":\"https:\\\/\\\/secure.gravatar.com\\\/avatar\\\/eea784612a968fddf85ff37646c82b47e2245242d3733faf41b2edd53ef57560?s=96&d=mm&r=g\",\"caption\":\"Victoria\"},\"url\":\"https:\\\/\\\/lafrenchmousse.fr\\\/actualite\\\/author\\\/victoria\\\/\"}]}<\/script>\n<!-- \/ Yoast SEO plugin. -->","yoast_head_json":{"title":"Cr\u00e9er des packs cadeaux entreprise autour de la bi\u00e8re personnalis\u00e9e - La French Mousse Blog","robots":{"index":"index","follow":"follow","max-snippet":"max-snippet:-1","max-image-preview":"max-image-preview:large","max-video-preview":"max-video-preview:-1"},"canonical":"https:\/\/lafrenchmousse.fr\/actualite\/creer-des-packs-cadeaux-entreprise-autour-de-la-biere-personnalisee\/","og_locale":"fr_FR","og_type":"article","og_title":"Cr\u00e9er des packs cadeaux entreprise autour de la bi\u00e8re personnalis\u00e9e - La French Mousse Blog","og_description":"Le mug floqu\u00e9, le stylo publicitaire, le \u00e9ni\u00e8me panier garni : le cadeau d\u2019entreprise a longtemps rim\u00e9 avec convenu. On offre parce qu\u2019il faut offrir, on re\u00e7oit sans vraiment s\u2019en souvenir, et le geste tombe \u00e0 plat. Pourtant, un cadeau professionnel bien pens\u00e9 fait bien plus que cocher une case sur une liste : il [&hellip;]","og_url":"https:\/\/lafrenchmousse.fr\/actualite\/creer-des-packs-cadeaux-entreprise-autour-de-la-biere-personnalisee\/","og_site_name":"La French Mousse Blog","article_published_time":"2026-08-27T13:12:32+00:00","og_image":[{"width":750,"height":500,"url":"https:\/\/lafrenchmousse.fr\/actualite\/wp-content\/uploads\/2026\/07\/MINIATURES-ARTICLES-34.png","type":"image\/png"}],"author":"Victoria","twitter_card":"summary_large_image","twitter_misc":{"\u00c9crit par":"Victoria","Dur\u00e9e de lecture estim\u00e9e":"7 minutes"},"schema":{"@context":"https:\/\/schema.org","@graph":[{"@type":"Article","@id":"https:\/\/lafrenchmousse.fr\/actualite\/creer-des-packs-cadeaux-entreprise-autour-de-la-biere-personnalisee\/#article","isPartOf":{"@id":"https:\/\/lafrenchmousse.fr\/actualite\/creer-des-packs-cadeaux-entreprise-autour-de-la-biere-personnalisee\/"},"author":{"name":"Victoria","@id":"https:\/\/lafrenchmousse.fr\/actualite\/#\/schema\/person\/89c9bffc079f5fdff39f039dad25f321"},"headline":"Cr\u00e9er des packs cadeaux entreprise autour de la bi\u00e8re personnalis\u00e9e","datePublished":"2026-08-27T13:12:32+00:00","mainEntityOfPage":{"@id":"https:\/\/lafrenchmousse.fr\/actualite\/creer-des-packs-cadeaux-entreprise-autour-de-la-biere-personnalisee\/"},"wordCount":1115,"commentCount":0,"publisher":{"@id":"https:\/\/lafrenchmousse.fr\/actualite\/#organization"},"image":{"@id":"https:\/\/lafrenchmousse.fr\/actualite\/creer-des-packs-cadeaux-entreprise-autour-de-la-biere-personnalisee\/#primaryimage"},"thumbnailUrl":"https:\/\/lafrenchmousse.fr\/actualite\/wp-content\/uploads\/2026\/07\/MINIATURES-ARTICLES-34.png","articleSection":["Divers","Professionnel"],"inLanguage":"fr-FR","potentialAction":[{"@type":"CommentAction","name":"Comment","target":["https:\/\/lafrenchmousse.fr\/actualite\/creer-des-packs-cadeaux-entreprise-autour-de-la-biere-personnalisee\/#respond"]}]},{"@type":"WebPage","@id":"https:\/\/lafrenchmousse.fr\/actualite\/creer-des-packs-cadeaux-entreprise-autour-de-la-biere-personnalisee\/","url":"https:\/\/lafrenchmousse.fr\/actualite\/creer-des-packs-cadeaux-entreprise-autour-de-la-biere-personnalisee\/","name":"Cr\u00e9er des packs cadeaux entreprise autour de la bi\u00e8re personnalis\u00e9e - La French Mousse Blog","isPartOf":{"@id":"https:\/\/lafrenchmousse.fr\/actualite\/#website"},"primaryImageOfPage":{"@id":"https:\/\/lafrenchmousse.fr\/actualite\/creer-des-packs-cadeaux-entreprise-autour-de-la-biere-personnalisee\/#primaryimage"},"image":{"@id":"https:\/\/lafrenchmousse.fr\/actualite\/creer-des-packs-cadeaux-entreprise-autour-de-la-biere-personnalisee\/#primaryimage"},"thumbnailUrl":"https:\/\/lafrenchmousse.fr\/actualite\/wp-content\/uploads\/2026\/07\/MINIATURES-ARTICLES-34.png","datePublished":"2026-08-27T13:12:32+00:00","breadcrumb":{"@id":"https:\/\/lafrenchmousse.fr\/actualite\/creer-des-packs-cadeaux-entreprise-autour-de-la-biere-personnalisee\/#breadcrumb"},"inLanguage":"fr-FR","potentialAction":[{"@type":"ReadAction","target":["https:\/\/lafrenchmousse.fr\/actualite\/creer-des-packs-cadeaux-entreprise-autour-de-la-biere-personnalisee\/"]}]},{"@type":"ImageObject","inLanguage":"fr-FR","@id":"https:\/\/lafrenchmousse.fr\/actualite\/creer-des-packs-cadeaux-entreprise-autour-de-la-biere-personnalisee\/#primaryimage","url":"https:\/\/lafrenchmousse.fr\/actualite\/wp-content\/uploads\/2026\/07\/MINIATURES-ARTICLES-34.png","contentUrl":"https:\/\/lafrenchmousse.fr\/actualite\/wp-content\/uploads\/2026\/07\/MINIATURES-ARTICLES-34.png","width":750,"height":500,"caption":"MINIATURES ARTICLES (34)"},{"@type":"BreadcrumbList","@id":"https:\/\/lafrenchmousse.fr\/actualite\/creer-des-packs-cadeaux-entreprise-autour-de-la-biere-personnalisee\/#breadcrumb","itemListElement":[{"@type":"ListItem","position":1,"name":"Accueil","item":"https:\/\/lafrenchmousse.fr\/actualite\/"},{"@type":"ListItem","position":2,"name":"Cr\u00e9er des packs cadeaux entreprise autour de la bi\u00e8re personnalis\u00e9e"}]},{"@type":"WebSite","@id":"https:\/\/lafrenchmousse.fr\/actualite\/#website","url":"https:\/\/lafrenchmousse.fr\/actualite\/","name":"La French Mousse Blog","description":"","publisher":{"@id":"https:\/\/lafrenchmousse.fr\/actualite\/#organization"},"potentialAction":[{"@type":"SearchAction","target":{"@type":"EntryPoint","urlTemplate":"https:\/\/lafrenchmousse.fr\/actualite\/?s={search_term_string}"},"query-input":{"@type":"PropertyValueSpecification","valueRequired":true,"valueName":"search_term_string"}}],"inLanguage":"fr-FR"},{"@type":"Organization","@id":"https:\/\/lafrenchmousse.fr\/actualite\/#organization","name":"La French Mousse Blog","url":"https:\/\/lafrenchmousse.fr\/actualite\/","logo":{"@type":"ImageObject","inLanguage":"fr-FR","@id":"https:\/\/lafrenchmousse.fr\/actualite\/#\/schema\/logo\/image\/","url":"https:\/\/lafrenchmousse.fr\/actualite\/wp-content\/uploads\/2024\/03\/logo-La-French-Mousse.png","contentUrl":"https:\/\/lafrenchmousse.fr\/actualite\/wp-content\/uploads\/2024\/03\/logo-La-French-Mousse.png","width":198,"height":95,"caption":"La French Mousse Blog"},"image":{"@id":"https:\/\/lafrenchmousse.fr\/actualite\/#\/schema\/logo\/image\/"}},{"@type":"Person","@id":"https:\/\/lafrenchmousse.fr\/actualite\/#\/schema\/person\/89c9bffc079f5fdff39f039dad25f321","name":"Victoria","image":{"@type":"ImageObject","inLanguage":"fr-FR","@id":"https:\/\/secure.gravatar.com\/avatar\/eea784612a968fddf85ff37646c82b47e2245242d3733faf41b2edd53ef57560?s=96&d=mm&r=g","url":"https:\/\/secure.gravatar.com\/avatar\/eea784612a968fddf85ff37646c82b47e2245242d3733faf41b2edd53ef57560?s=96&d=mm&r=g","contentUrl":"https:\/\/secure.gravatar.com\/avatar\/eea784612a968fddf85ff37646c82b47e2245242d3733faf41b2edd53ef57560?s=96&d=mm&r=g","caption":"Victoria"},"url":"https:\/\/lafrenchmousse.fr\/actualite\/author\/victoria\/"}]}},"_links":{"self":[{"href":"https:\/\/lafrenchmousse.fr\/actualite\/wp-json\/wp\/v2\/posts\/1231","targetHints":{"allow":["GET"]}}],"collection":[{"href":"https:\/\/lafrenchmousse.fr\/actualite\/wp-json\/wp\/v2\/posts"}],"about":[{"href":"https:\/\/lafrenchmousse.fr\/actualite\/wp-json\/wp\/v2\/types\/post"}],"author":[{"embeddable":true,"href":"https:\/\/lafrenchmousse.fr\/actualite\/wp-json\/wp\/v2\/users\/11"}],"replies":[{"embeddable":true,"href":"https:\/\/lafrenchmousse.fr\/actualite\/wp-json\/wp\/v2\/comments?post=1231"}],"version-history":[{"count":2,"href":"https:\/\/lafrenchmousse.fr\/actualite\/wp-json\/wp\/v2\/posts\/1231\/revisions"}],"predecessor-version":[{"id":1243,"href":"https:\/\/lafrenchmousse.fr\/actualite\/wp-json\/wp\/v2\/posts\/1231\/revisions\/1243"}],"wp:featuredmedia":[{"embeddable":true,"href":"https:\/\/lafrenchmousse.fr\/actualite\/wp-json\/wp\/v2\/media\/1238"}],"wp:attachment":[{"href":"https:\/\/lafrenchmousse.fr\/actualite\/wp-json\/wp\/v2\/media?parent=1231"}],"wp:term":[{"taxonomy":"category","embeddable":true,"href":"https:\/\/lafrenchmousse.fr\/actualite\/wp-json\/wp\/v2\/categories?post=1231"},{"taxonomy":"post_tag","embeddable":true,"href":"https:\/\/lafrenchmousse.fr\/actualite\/wp-json\/wp\/v2\/tags?post=1231"}],"curies":[{"name":"wp","href":"https:\/\/api.w.org\/{rel}","templated":true}]}}